{"id":5078,"date":"2025-05-29T16:05:23","date_gmt":"2025-05-29T16:05:23","guid":{"rendered":"https:\/\/confluence-perou.com\/?p=5078"},"modified":"2025-11-07T16:34:22","modified_gmt":"2025-11-07T16:34:22","slug":"mama-angelica-le-courage-dune-mere-et-son-combat-pour-la-memoire","status":"publish","type":"post","link":"https:\/\/confluence-perou.com\/es\/mama-angelica-le-courage-dune-mere-et-son-combat-pour-la-memoire\/","title":{"rendered":"Mam\u00e1 Ang\u00e9lica: El coraje de una madre y su lucha por la memoria"},"content":{"rendered":"<div data-elementor-type=\"wp-post\" data-elementor-id=\"5078\" class=\"elementor elementor-5078\" data-elementor-post-type=\"post\">\n\t\t\t\t<div class=\"elementor-element elementor-element-bf60aac e-flex e-con-boxed e-con e-parent\" data-id=\"bf60aac\" data-element_type=\"container\" data-e-type=\"container\">\n\t\t\t\t\t<div class=\"e-con-inner\">\n\t\t\t\t<div class=\"elementor-element elementor-element-8eb311c elementor-widget elementor-widget-text-editor\" data-id=\"8eb311c\" data-element_type=\"widget\" data-e-type=\"widget\" data-widget_type=\"text-editor.default\">\n\t\t\t\t<div class=\"elementor-widget-container\">\n\t\t\t\t\t\t\t\t\t<p><strong>Ang\u00e9lica Mendoza de Ascarza<\/strong><\/p><p>En las d\u00e9cadas de 1980 y 1990, el Per\u00fa atraves\u00f3 uno de los periodos m\u00e1s oscuros de su historia. Un sangriento conflicto entre el grupo terrorista Sendero Luminoso y las fuerzas armadas peruanas sumi\u00f3 al pa\u00eds en una espiral de violencia y miedo <strong>Sendero Luminoso<\/strong> y el <strong>Fuerzas Armadas del Per\u00fa<\/strong> sumi\u00f3 al pa\u00eds en una espiral de violencia y terror cuyas consecuencias a\u00fan se sienten hoy.<\/p><p>En <strong>Ayacucho<\/strong>regi\u00f3n andina en el coraz\u00f3n del conflicto, la poblaci\u00f3n viv\u00eda entre dos fuegos. <strong>Cualquier residente podr\u00eda ser sospechoso de colusi\u00f3n, ya sea de un lado o del otro.<\/strong> Los guerrilleros de Sendero Luminoso impusieron su autoridad en los pueblos, amenazando y castigando a quienes se negaban a cooperar. Por el contrario, el ej\u00e9rcito ve\u00eda a cualquier habitante rural como un c\u00f3mplice potencial del terrorismo.<\/p>\t\t\t\t\t\t\t\t<\/div>\n\t\t\t\t<\/div>\n\t\t\t\t<div class=\"elementor-element elementor-element-a5472ec elementor-widget elementor-widget-image\" data-id=\"a5472ec\" data-element_type=\"widget\" data-e-type=\"widget\" data-widget_type=\"image.default\">\n\t\t\t\t<div class=\"elementor-widget-container\">\n\t\t\t\t\t\t\t\t\t\t\t\t\t\t\t<img fetchpriority=\"high\" decoding=\"async\" width=\"720\" height=\"405\" src=\"https:\/\/confluence-perou.com\/wp-content\/uploads\/2025\/05\/XL4CJWA4BZHZTKMQNVJM57NPOA.jpg\" class=\"attachment-large size-large wp-image-5083\" alt=\"\" srcset=\"https:\/\/confluence-perou.com\/wp-content\/uploads\/2025\/05\/XL4CJWA4BZHZTKMQNVJM57NPOA.jpg 720w, https:\/\/confluence-perou.com\/wp-content\/uploads\/2025\/05\/XL4CJWA4BZHZTKMQNVJM57NPOA-300x169.jpg 300w, https:\/\/confluence-perou.com\/wp-content\/uploads\/2025\/05\/XL4CJWA4BZHZTKMQNVJM57NPOA-18x10.jpg 18w, https:\/\/confluence-perou.com\/wp-content\/uploads\/2025\/05\/XL4CJWA4BZHZTKMQNVJM57NPOA-600x338.jpg 600w\" sizes=\"(max-width: 720px) 100vw, 720px\" \/>\t\t\t\t\t\t\t\t\t\t\t\t\t\t\t<\/div>\n\t\t\t\t<\/div>\n\t\t\t\t<div class=\"elementor-element elementor-element-1c6aa0c elementor-widget elementor-widget-text-editor\" data-id=\"1c6aa0c\" data-element_type=\"widget\" data-e-type=\"widget\" data-widget_type=\"text-editor.default\">\n\t\t\t\t<div class=\"elementor-widget-container\">\n\t\t\t\t\t\t\t\t\t<p>Resultado : <strong>El simple hecho de vivir en un pueblo remoto, o incluso hablar quechua, era suficiente para despertar sospechas.<\/strong> De ambos bandos se produjeron brutales represalias. Sendero Luminoso asesin\u00f3 a quienes consider\u00f3 &#034;traidores a la causa&#034;, mientras que el ej\u00e9rcito llev\u00f3 a cabo arrestos arbitrarios, a menudo seguidos de detenciones secretas, torturas y a menudo ejecuciones colectivas. <strong>\u00a0<\/strong><\/p><p><strong>Este terror diario ha dejado miles de desaparecidos, destrozado innumerables familias y silenciado comunidades enteras.<\/strong> Seg\u00fan la Comisi\u00f3n de la Verdad y la Reconciliaci\u00f3n, m\u00e1s de 69.000 personas perdieron la vida o desaparecieron, la mayor\u00eda de ellas procedentes de zonas rurales, ind\u00edgenas y pobres.<\/p>\t\t\t\t\t\t\t\t<\/div>\n\t\t\t\t<\/div>\n\t\t\t\t<div class=\"elementor-element elementor-element-f74374d elementor-widget elementor-widget-image\" data-id=\"f74374d\" data-element_type=\"widget\" data-e-type=\"widget\" data-widget_type=\"image.default\">\n\t\t\t\t<div class=\"elementor-widget-container\">\n\t\t\t\t\t\t\t\t\t\t\t\t\t\t\t<img decoding=\"async\" width=\"880\" height=\"495\" src=\"https:\/\/confluence-perou.com\/wp-content\/uploads\/2025\/05\/e6c4f476-f4dc-4a44-bcad-fe599af2eef7_16-9-aspect-ratio_default_0.jpg\" class=\"attachment-large size-large wp-image-5084\" alt=\"\" srcset=\"https:\/\/confluence-perou.com\/wp-content\/uploads\/2025\/05\/e6c4f476-f4dc-4a44-bcad-fe599af2eef7_16-9-aspect-ratio_default_0.jpg 880w, https:\/\/confluence-perou.com\/wp-content\/uploads\/2025\/05\/e6c4f476-f4dc-4a44-bcad-fe599af2eef7_16-9-aspect-ratio_default_0-300x169.jpg 300w, https:\/\/confluence-perou.com\/wp-content\/uploads\/2025\/05\/e6c4f476-f4dc-4a44-bcad-fe599af2eef7_16-9-aspect-ratio_default_0-768x432.jpg 768w, https:\/\/confluence-perou.com\/wp-content\/uploads\/2025\/05\/e6c4f476-f4dc-4a44-bcad-fe599af2eef7_16-9-aspect-ratio_default_0-18x10.jpg 18w, https:\/\/confluence-perou.com\/wp-content\/uploads\/2025\/05\/e6c4f476-f4dc-4a44-bcad-fe599af2eef7_16-9-aspect-ratio_default_0-600x338.jpg 600w\" sizes=\"(max-width: 880px) 100vw, 880px\" \/>\t\t\t\t\t\t\t\t\t\t\t\t\t\t\t<\/div>\n\t\t\t\t<\/div>\n\t\t\t\t<div class=\"elementor-element elementor-element-b036c75 elementor-widget elementor-widget-text-editor\" data-id=\"b036c75\" data-element_type=\"widget\" data-e-type=\"widget\" data-widget_type=\"text-editor.default\">\n\t\t\t\t<div class=\"elementor-widget-container\">\n\t\t\t\t\t\t\t\t\t<p>En medio de esta tragedia, una mujer decidi\u00f3 no permanecer en silencio: <strong>Ang\u00e9lica Mendoza de Ascarza<\/strong>, apodado <em>Mam\u00e1 Ang\u00e9lica<\/em>. En 1983, su hijo Arqu\u00edmides fue secuestrado por los militares. Ante la injusticia y el silencio, transforma su dolor en lucha. Con otras madres fund\u00f3 la<strong>ANFASEP<\/strong> \u2013 Asociaci\u00f3n Nacional de Familiares de Secuestrados, Detenidos y Desaparecidos del Per\u00fa.<\/p><p>Durante a\u00f1os, Mam\u00e1 Ang\u00e9lica camin\u00f3 por las calles, bases militares y juzgados, exigiendo justicia con dignidad. Sin miedo, sin odio, con una fuerza que nace del amor de una madre. <strong>Se ha convertido en el rostro de la memoria, una figura de resistencia pac\u00edfica y coraje moral.<\/strong><\/p>\t\t\t\t\t\t\t\t<\/div>\n\t\t\t\t<\/div>\n\t\t\t\t<div class=\"elementor-element elementor-element-ecf3163 elementor-widget elementor-widget-image\" data-id=\"ecf3163\" data-element_type=\"widget\" data-e-type=\"widget\" data-widget_type=\"image.default\">\n\t\t\t\t<div class=\"elementor-widget-container\">\n\t\t\t\t\t\t\t\t\t\t\t\t\t\t\t<img decoding=\"async\" width=\"1024\" height=\"642\" src=\"https:\/\/confluence-perou.com\/wp-content\/uploads\/2025\/05\/000445512W-1024x642.jpg\" class=\"attachment-large size-large wp-image-5080\" alt=\"\" srcset=\"https:\/\/confluence-perou.com\/wp-content\/uploads\/2025\/05\/000445512W-1024x642.jpg 1024w, https:\/\/confluence-perou.com\/wp-content\/uploads\/2025\/05\/000445512W-300x188.jpg 300w, https:\/\/confluence-perou.com\/wp-content\/uploads\/2025\/05\/000445512W-768x482.jpg 768w, https:\/\/confluence-perou.com\/wp-content\/uploads\/2025\/05\/000445512W-1536x963.jpg 1536w, https:\/\/confluence-perou.com\/wp-content\/uploads\/2025\/05\/000445512W-18x12.jpg 18w, https:\/\/confluence-perou.com\/wp-content\/uploads\/2025\/05\/000445512W-600x376.jpg 600w, https:\/\/confluence-perou.com\/wp-content\/uploads\/2025\/05\/000445512W.jpg 1800w\" sizes=\"(max-width: 1024px) 100vw, 1024px\" \/>\t\t\t\t\t\t\t\t\t\t\t\t\t\t\t<\/div>\n\t\t\t\t<\/div>\n\t\t\t\t<div class=\"elementor-element elementor-element-723e5c2 elementor-widget elementor-widget-text-editor\" data-id=\"723e5c2\" data-element_type=\"widget\" data-e-type=\"widget\" data-widget_type=\"text-editor.default\">\n\t\t\t\t<div class=\"elementor-widget-container\">\n\t\t\t\t\t\t\t\t\t<p>Hoy en d\u00eda, su legado sigue vivo a trav\u00e9s de la <strong>Museo de la Memoria ANFASEP en Ayacucho<\/strong>, un lugar profundamente humano, creado por las propias familias, para honrar a los difuntos y contar su historia. En Lima, la <strong>Lugar de Memoria, Tolerancia e Inclusi\u00f3n Social (LUM)<\/strong> Tambi\u00e9n ofrece un recorrido conmovedor y necesario por este per\u00edodo.<\/p>\n<p>En un mundo donde olvidar a veces es m\u00e1s c\u00f3modo, <strong>Mam\u00e1 Ang\u00e9lica nos recuerda que recordar es un acto de justicia. Y que la voz de una madre pueda sacudir el silencio.<\/strong><\/p>\n<p><strong>Fuentes y referencias<\/strong><\/p>\n<ul>\n<li><a href=\"https:\/\/fr.wikipedia.org\/wiki\/Ang%C3%A9lica_Mendoza_de_Ascarza\" target=\"_blank\" rel=\"noopener\">Ang\u00e9lica Mendoza de Ascarza \u2014 Wikipedia, la enciclopedia libre<\/a><\/li>\n<li>ANFASEP \u2013 Museo de la Memoria<\/li>\n<li>Comisi\u00f3n de la Verdad y Reconciliaci\u00f3n del Per\u00fa<\/li>\n<li>Lugar de la Memoria, la Tolerancia y la Inclusi\u00f3n Social (LUM)<\/li>\n<li>Infopais.pe \u2013 Historia de ANFASEP y Mam\u00e1 Ang\u00e9lica<\/li>\n<\/ul>\t\t\t\t\t\t\t\t<\/div>\n\t\t\t\t<\/div>\n\t\t\t\t\t<\/div>\n\t\t\t\t<\/div>\n\t\t<div class=\"elementor-element elementor-element-8d14c58 e-flex e-con-boxed e-con e-parent\" data-id=\"8d14c58\" data-element_type=\"container\" data-e-type=\"container\">\n\t\t\t\t\t<div class=\"e-con-inner\">\n\t\t\t\t\t<\/div>\n\t\t\t\t<\/div>\n\t\t\t\t<\/div>","protected":false},"excerpt":{"rendered":"<p>Ang\u00e9lica Mendoza de Ascarza Dans les ann\u00e9es 80 et 90, le P\u00e9rou a travers\u00e9 l\u2019une des p\u00e9riodes les plus sombres [&hellip;]<\/p>\n","protected":false},"author":4,"featured_media":5079,"comment_status":"closed","ping_status":"open","sticky":false,"template":"","format":"standard","meta":{"_acf_changed":false,"site-sidebar-layout":"default","site-content-layout":"","ast-site-content-layout":"default","site-content-style":"default","site-sidebar-style":"default","ast-global-header-display":"","ast-banner-title-visibility":"","ast-main-header-display":"","ast-hfb-above-header-display":"","ast-hfb-below-header-display":"","ast-hfb-mobile-header-display":"","site-post-title":"","ast-breadcrumbs-content":"","ast-featured-img":"","footer-sml-layout":"","ast-disable-related-posts":"","theme-transparent-header-meta":"","adv-header-id-meta":"","stick-header-meta":"","header-above-stick-meta":"","header-main-stick-meta":"","header-below-stick-meta":"","astra-migrate-meta-layouts":"default","ast-page-background-enabled":"default","ast-page-background-meta":{"desktop":{"background-color":"var(--ast-global-color-5)","background-image":"","background-repeat":"repeat","background-position":"center center","background-size":"auto","background-attachment":"scroll","background-type":"","background-media":"","overlay-type":"","overlay-color":"","overlay-opacity":"","overlay-gradient":""},"tablet":{"background-color":"","background-image":"","background-repeat":"repeat","background-position":"center center","background-size":"auto","background-attachment":"scroll","background-type":"","background-media":"","overlay-type":"","overlay-color":"","overlay-opacity":"","overlay-gradient":""},"mobile":{"background-color":"","background-image":"","background-repeat":"repeat","background-position":"center center","background-size":"auto","background-attachment":"scroll","background-type":"","background-media":"","overlay-type":"","overlay-color":"","overlay-opacity":"","overlay-gradient":""}},"ast-content-background-meta":{"desktop":{"background-color":"var(--ast-global-color-4)","background-image":"","background-repeat":"repeat","background-position":"center center","background-size":"auto","background-attachment":"scroll","background-type":"","background-media":"","overlay-type":"","overlay-color":"","overlay-opacity":"","overlay-gradient":""},"tablet":{"background-color":"var(--ast-global-color-4)","background-image":"","background-repeat":"repeat","background-position":"center center","background-size":"auto","background-attachment":"scroll","background-type":"","background-media":"","overlay-type":"","overlay-color":"","overlay-opacity":"","overlay-gradient":""},"mobile":{"background-color":"var(--ast-global-color-4)","background-image":"","background-repeat":"repeat","background-position":"center center","background-size":"auto","background-attachment":"scroll","background-type":"","background-media":"","overlay-type":"","overlay-color":"","overlay-opacity":"","overlay-gradient":""}},"footnotes":""},"categories":[1,114],"tags":[],"class_list":["post-5078","post","type-post","status-publish","format-standard","has-post-thumbnail","hentry","category-blog","category-histoires-inspirantes"],"acf":[],"_links":{"self":[{"href":"https:\/\/confluence-perou.com\/es\/wp-json\/wp\/v2\/posts\/5078","targetHints":{"allow":["GET"]}}],"collection":[{"href":"https:\/\/confluence-perou.com\/es\/wp-json\/wp\/v2\/posts"}],"about":[{"href":"https:\/\/confluence-perou.com\/es\/wp-json\/wp\/v2\/types\/post"}],"author":[{"embeddable":true,"href":"https:\/\/confluence-perou.com\/es\/wp-json\/wp\/v2\/users\/4"}],"replies":[{"embeddable":true,"href":"https:\/\/confluence-perou.com\/es\/wp-json\/wp\/v2\/comments?post=5078"}],"version-history":[{"count":4,"href":"https:\/\/confluence-perou.com\/es\/wp-json\/wp\/v2\/posts\/5078\/revisions"}],"predecessor-version":[{"id":5087,"href":"https:\/\/confluence-perou.com\/es\/wp-json\/wp\/v2\/posts\/5078\/revisions\/5087"}],"wp:featuredmedia":[{"embeddable":true,"href":"https:\/\/confluence-perou.com\/es\/wp-json\/wp\/v2\/media\/5079"}],"wp:attachment":[{"href":"https:\/\/confluence-perou.com\/es\/wp-json\/wp\/v2\/media?parent=5078"}],"wp:term":[{"taxonomy":"category","embeddable":true,"href":"https:\/\/confluence-perou.com\/es\/wp-json\/wp\/v2\/categories?post=5078"},{"taxonomy":"post_tag","embeddable":true,"href":"https:\/\/confluence-perou.com\/es\/wp-json\/wp\/v2\/tags?post=5078"}],"curies":[{"name":"wp","href":"https:\/\/api.w.org\/{rel}","templated":true}]}}